{"id":1830,"date":"2017-06-27T11:11:55","date_gmt":"2017-06-27T09:11:55","guid":{"rendered":"http:\/\/cpcms.fr\/?p=1830"},"modified":"2017-06-27T11:11:55","modified_gmt":"2017-06-27T09:11:55","slug":"pharmacie-du-cap-de-gascogne","status":"publish","type":"post","link":"https:\/\/cpcms.fr\/2022\/2017\/06\/27\/pharmacie-du-cap-de-gascogne\/","title":{"rendered":"PHARMACIE DU CAP DE GASCOGNE"},"content":{"rendered":"<table style=\"width: 600px;\" border=\"0\" cellspacing=\"0\" cellpadding=\"3\">\n<tbody>\n<tr>\n<td class=\"td1\" colspan=\"2\" valign=\"top\">\n<p class=\"p1\"><strong><span style=\"color: #339933;\">IDENTIFICATION DE L\u2019OFFICINE ET DU MA\u00ceTRE DE STAGE<\/span><\/strong><\/p>\n<\/td>\n<\/tr>\n<tr valign=\"top\">\n<td width=\"368\">D\u00e9nomination commerciale de l&rsquo;officine<\/td>\n<td>PHARMACIE DU CAP DE GASCOGNE<\/td>\n<\/tr>\n<tr valign=\"top\">\n<td>B\u00e2timent ou lieu-dit<\/td>\n<td>ZA ESCALES<\/td>\n<\/tr>\n<tr valign=\"top\">\n<td>Code postal<\/td>\n<td>40500<\/td>\n<\/tr>\n<tr valign=\"top\">\n<td>Ville<\/td>\n<td>SAINT SEVER<\/td>\n<\/tr>\n<tr valign=\"top\">\n<td>T\u00e9l\u00e9phone fixe<\/td>\n<td>0558760129<\/td>\n<\/tr>\n<tr valign=\"top\">\n<td>E-mail<\/td>\n<td>pharmacieducap@gmail.com<\/td>\n<\/tr>\n<tr valign=\"top\">\n<td>Nom, pr\u00e9nom du pharmacien ma\u00eetre de stage<\/td>\n<td>de SAINT LEGER &#8211; SCHRICKE Caroline<\/td>\n<\/tr>\n<tr valign=\"top\">\n<td>Date de fin d&rsquo;agr\u00e9ment<\/td>\n<td>31-12-2020<\/td>\n<\/tr>\n<tr valign=\"top\">\n<td>Votre officine est-elle une pharmacie :<\/td>\n<td>Rurale<\/td>\n<\/tr>\n<tr valign=\"top\">\n<td>Indiquez, si vous le jugez utile, un ordre de grandeur de l&rsquo;activit\u00e9 de votre officine par le crit\u00e8re qui vous para\u00eet le plus pertinent. (par exemple, nombre de clients \/ jour)<\/td>\n<td>200 clients \/ jour &#8211; surface de vente: 250m2<\/td>\n<\/tr>\n<tr valign=\"top\">\n<td>D\u00e9partement<\/td>\n<td>40 &#8211; Landes<\/td>\n<\/tr>\n<tr valign=\"top\">\n<td>Lundi<\/td>\n<td>8h30-13h 14h-19h30<\/td>\n<\/tr>\n<tr valign=\"top\">\n<td>Mardi<\/td>\n<td>8h30-13h 14h-19h30<\/td>\n<\/tr>\n<tr valign=\"top\">\n<td>Mercredi<\/td>\n<td>8h30-13h 14h-19h30<\/td>\n<\/tr>\n<tr valign=\"top\">\n<td>Jeudi<\/td>\n<td>8h30-13h 14h-19h30<\/td>\n<\/tr>\n<tr valign=\"top\">\n<td>Vendredi<\/td>\n<td>8h30-13h 14h-19h30<\/td>\n<\/tr>\n<tr valign=\"top\">\n<td>Samedi<\/td>\n<td>8h30-13h 14h-19h30<\/td>\n<\/tr>\n<tr valign=\"top\">\n<td>Seriez-vous \u00e9ventuellement favorable \u00e0 un stage de pratique professionnel partag\u00e9 &#8211; (3mois\/3mois)- pour permettre \u00e0 un \u00e9tudiant de d\u00e9couvrir deux officines diff\u00e9rentes (par exemple ville\/rurale) ?<\/td>\n<td>Oui<\/td>\n<\/tr>\n<tr>\n<td class=\"td1\" colspan=\"2\" valign=\"top\">\n<hr \/>\n<p><strong><span style=\"color: #339933;\">\u00c9QUIPE OFFICINALE &amp; ORGANISATION DES COMPETENCES<\/span><\/strong><\/td>\n<\/tr>\n<tr valign=\"top\">\n<td height=\"26\">Nombre de pharmaciens co-titulaires :<\/td>\n<td>2<\/td>\n<\/tr>\n<tr valign=\"top\">\n<td>Nombre de pharmaciens adjoints (en ETP &#8211; \u00e9quivalent temps plein) :<\/td>\n<td>1<\/td>\n<\/tr>\n<tr valign=\"top\">\n<td>Nombre de pr\u00e9parateurs dipl\u00f4m\u00e9s en ETP (en ETP &#8211; \u00e9quivalent temps plein) :<\/td>\n<td>4<\/td>\n<\/tr>\n<tr valign=\"top\">\n<td>Y-a-t-il d&rsquo;autres membres du personnel :<\/td>\n<td>Non<\/td>\n<\/tr>\n<tr valign=\"top\">\n<td>Votre pharmacie a-t-elle accueilli des stagiaires dans les ann\u00e9es pr\u00e9c\u00e9dentes ?<\/td>\n<td>Oui<\/td>\n<\/tr>\n<tr valign=\"top\">\n<td>Si oui, pr\u00e9ciser le type de stage :<\/td>\n<td>Initiation<\/td>\n<\/tr>\n<tr>\n<td class=\"td1\" colspan=\"2\" valign=\"top\">\n<hr \/>\n<p><strong><span style=\"color: #339933;\">D\u00c9L\u00c9GATION DE MISSION A UN PHARMACIEN ADJOINT MA\u00ceTRE DE STAGE<\/span><\/strong><\/td>\n<\/tr>\n<tr valign=\"top\">\n<td>Envisagez-vous ce type de d\u00e9l\u00e9gation ?<\/td>\n<td>Non<\/td>\n<\/tr>\n<tr>\n<td class=\"td1\" colspan=\"2\" valign=\"top\">\n<hr \/>\n<p class=\"p1\"><strong><span style=\"color: #339933;\">ACTIVIT\u00c9S DE L\u2019OFFICINE<\/span><\/strong><\/p>\n<\/td>\n<\/tr>\n<tr valign=\"top\">\n<td>Votre pharmacie est-elle engag\u00e9e dans une d\u00e9marche de management de la qualit\u00e9 ?<\/td>\n<td>Oui<\/td>\n<\/tr>\n<tr valign=\"top\">\n<td>Etes-vous engag\u00e9 dans une d\u00e9marche de certification ISO 9001 ou similaire ?<\/td>\n<td>Oui<\/td>\n<\/tr>\n<tr valign=\"top\">\n<td>\u2022 Entretiens pharmaceutiques<\/td>\n<td>Oui<\/td>\n<\/tr>\n<tr valign=\"top\">\n<td>\u2022 Education th\u00e9rapeutique du patient<\/td>\n<td>Non<\/td>\n<\/tr>\n<tr valign=\"top\">\n<td>\u2022 Autres missions<\/td>\n<td>Oui<\/td>\n<\/tr>\n<tr valign=\"top\">\n<td>\u2022 Participez-vous \u00e0 des r\u00e9seaux ?<\/td>\n<td>Non<\/td>\n<\/tr>\n<tr valign=\"top\">\n<td>\u2022 Avez-vous une activit\u00e9 au titre de l&rsquo;HAD ?<\/td>\n<td>Oui<\/td>\n<\/tr>\n<tr valign=\"top\">\n<td>\u2022 Avez-vous une activit\u00e9 en relation avec un EHPAD ou une maison de retraite ?<\/td>\n<td>Oui<\/td>\n<\/tr>\n<tr valign=\"top\">\n<td>Quelles sont les activit\u00e9s sp\u00e9cialis\u00e9es de votre officine ?<\/td>\n<td>Orthop\u00e9die<br \/>\nHom\u00e9opathie<br \/>\nMaintien \u00e0 domicile<br \/>\nPharmacie v\u00e9t\u00e9rinaire<br \/>\nDi\u00e9t\u00e9tique et nutrition<\/td>\n<\/tr>\n<tr valign=\"top\">\n<td>Avez-vous d&rsquo;autres centres d&rsquo;int\u00e9r\u00eat ou d&rsquo;autres comp\u00e9tences ?<\/td>\n<td>micronutrition<\/td>\n<\/tr>\n<tr>\n<td class=\"td1\" colspan=\"2\" valign=\"top\">\n<hr \/>\n<p class=\"p1\"><strong><span style=\"color: #339933;\">DOMAINES PARTICULIERS ET SPECIFIQUES DE COMPETENCES DU MA\u00ceTRE DE STAGE<\/span><\/strong><\/p>\n<\/td>\n<\/tr>\n<tr valign=\"top\">\n<td>Etes-vous titulaire d&rsquo;un (de) dipl\u00f4me(s) universitaire(s) ?<\/td>\n<td>Oui<\/td>\n<\/tr>\n<tr valign=\"top\">\n<td>\u2022 Si oui, lequel (lesquels) ?<\/td>\n<td>orthop\u00e9die &#8211; micronutrition<\/td>\n<\/tr>\n<tr valign=\"top\">\n<td>Etes-vous titulaire d&rsquo;une (de) formation(s) sp\u00e9cialis\u00e9e(s) ?<\/td>\n<td>Non<\/td>\n<\/tr>\n<tr valign=\"top\">\n<td>Organisez-vous d&rsquo;autres formations pour vous et votre \u00e9quipe ?<\/td>\n<td>Oui<\/td>\n<\/tr>\n<tr>\n<td class=\"td1\" colspan=\"2\" valign=\"top\">\n<hr \/>\n<p><strong><span style=\"color: #339933;\">MOTIVATION DU MA\u00ceTRE DE STAGE \u2013 ATTENTES DU MA\u00ceTRE DE STAGE<\/span><\/strong><\/td>\n<\/tr>\n<tr valign=\"top\">\n<td>Merci de d\u00e9velopper en quelques arguments votre implication et les raisons qui vous ont conduit \u00e0 assumer votre responsabilit\u00e9 de ma\u00eetre de stage.<\/td>\n<td>volont\u00e9 de transmission<\/td>\n<\/tr>\n<tr valign=\"top\">\n<td>Qu&rsquo;attendez-vous de votre \u00e9tudiant stagiaire ?<\/td>\n<td>motivation &amp; implication<\/td>\n<\/tr>\n<\/tbody>\n<\/table>\n","protected":false},"excerpt":{"rendered":"<p>IDENTIFICATION DE L\u2019OFFICINE ET DU MA\u00ceTRE DE STAGE D\u00e9nomination commerciale de l&rsquo;officine PHARMACIE DU CAP DE GASCOGNE B\u00e2timent ou lieu-dit ZA ESCALES Code postal 40500 Ville SAINT SEVER T\u00e9l\u00e9phone fixe 0558760129 E-mail pharmacieducap@gmail.com Nom, pr\u00e9nom du pharmacien ma\u00eetre de stage de SAINT LEGER &#8211; SCHRICKE Caroline Date de fin d&rsquo;agr\u00e9ment [&hellip;]<\/p>\n","protected":false},"author":1,"featured_media":0,"comment_status":"closed","ping_status":"open","sticky":false,"template":"","format":"standard","meta":{"_monsterinsights_skip_tracking":false,"_monsterinsights_sitenote_active":false,"_monsterinsights_sitenote_note":"","_monsterinsights_sitenote_category":0,"footnotes":""},"categories":[62],"tags":[],"class_list":["post-1830","post","type-post","status-publish","format-standard","hentry","category-fiche-informative"],"aioseo_notices":[],"_links":{"self":[{"href":"https:\/\/cpcms.fr\/2022\/wp-json\/wp\/v2\/posts\/1830","targetHints":{"allow":["GET"]}}],"collection":[{"href":"https:\/\/cpcms.fr\/2022\/wp-json\/wp\/v2\/posts"}],"about":[{"href":"https:\/\/cpcms.fr\/2022\/wp-json\/wp\/v2\/types\/post"}],"author":[{"embeddable":true,"href":"https:\/\/cpcms.fr\/2022\/wp-json\/wp\/v2\/users\/1"}],"replies":[{"embeddable":true,"href":"https:\/\/cpcms.fr\/2022\/wp-json\/wp\/v2\/comments?post=1830"}],"version-history":[{"count":1,"href":"https:\/\/cpcms.fr\/2022\/wp-json\/wp\/v2\/posts\/1830\/revisions"}],"predecessor-version":[{"id":4343,"href":"https:\/\/cpcms.fr\/2022\/wp-json\/wp\/v2\/posts\/1830\/revisions\/4343"}],"wp:attachment":[{"href":"https:\/\/cpcms.fr\/2022\/wp-json\/wp\/v2\/media?parent=1830"}],"wp:term":[{"taxonomy":"category","embeddable":true,"href":"https:\/\/cpcms.fr\/2022\/wp-json\/wp\/v2\/categories?post=1830"},{"taxonomy":"post_tag","embeddable":true,"href":"https:\/\/cpcms.fr\/2022\/wp-json\/wp\/v2\/tags?post=1830"}],"curies":[{"name":"wp","href":"https:\/\/api.w.org\/{rel}","templated":true}]}}