{"id":5005,"date":"2023-04-18T10:06:05","date_gmt":"2023-04-18T08:06:05","guid":{"rendered":"https:\/\/cpcms.fr\/2022\/?p=5005"},"modified":"2023-04-18T10:07:08","modified_gmt":"2023-04-18T08:07:08","slug":"pharmacie-du-wihrel","status":"publish","type":"post","link":"https:\/\/cpcms.fr\/2022\/2023\/04\/18\/pharmacie-du-wihrel\/","title":{"rendered":"Pharmacie du Wihrel"},"content":{"rendered":"<table border=\"0\" cellpadding=\"3\" cellspacing=\"0\" style=\"width: 600px;\">\n<tbody>\n<tr>\n<td class=\"td1\" colspan=\"2\" valign=\"top\">\n<p class=\"p1\"><strong><span style=\"color: #339933;\">IDENTIFICATION DE L\u2019OFFICINE ET DU MA\u00ceTRE DE STAGE<\/span><\/strong><\/p>\n<\/td>\n<\/tr>\n<tr valign=\"top\">\n<td width=\"368\">D\u00e9nomination commerciale de l&rsquo;officine<\/td>\n<td>Pharmacie du Wihrel<\/td>\n<\/tr>\n<tr valign=\"top\">\n<td>Rue<\/td>\n<td>1 rue de la chapelle<\/td>\n<\/tr>\n<tr valign=\"top\">\n<td>Code postal<\/td>\n<td>67540<\/td>\n<\/tr>\n<tr valign=\"top\">\n<td>Ville<\/td>\n<td>ostwald<\/td>\n<\/tr>\n<tr valign=\"top\">\n<td>T\u00e9l\u00e9phone fixe<\/td>\n<td>0388304284<\/td>\n<\/tr>\n<tr valign=\"top\">\n<td>T\u00e9l\u00e9phone mobile<\/td>\n<td>0681910638<\/td>\n<\/tr>\n<tr valign=\"top\">\n<td>E-mail<\/td>\n<td>pharmacieduwihrel@gmail.com<\/td>\n<\/tr>\n<tr valign=\"top\">\n<td>Nom, pr\u00e9nom du pharmacien ma\u00eetre de stage<\/td>\n<td>Woillard Muriel<\/td>\n<\/tr>\n<tr valign=\"top\">\n<td>Date de fin d&rsquo;agr\u00e9ment<\/td>\n<td>31-12-2027<\/td>\n<\/tr>\n<tr>\n<td class=\"td1\" colspan=\"2\" valign=\"top\">\n<hr \/>\n<p><strong><span style=\"color: #339933;\">TOPOGRAPHIE DE L\u2019OFFICINE<\/span><\/strong><\/td>\n<\/tr>\n<tr valign=\"top\">\n<td>Votre officine est-elle une pharmacie :<\/td>\n<td>De quartier<\/td>\n<\/tr>\n<tr valign=\"top\">\n<td>D\u00e9partement<\/td>\n<td>67 &#8211; Bas-rhin<\/td>\n<\/tr>\n<tr valign=\"top\">\n<td>Distance entre la pharmacie et le point de desserte de transport en commun le plus proche (station de bus, m\u00e9tro\/RER, tramway, gare SNCF)<\/td>\n<td>une rue \u00e0 traverser<\/td>\n<\/tr>\n<tr>\n<td class=\"td1\" colspan=\"2\" valign=\"top\">\n<hr \/>\n<p><strong><span style=\"color: #339933;\">ASPECTS LOGISTIQUES DU STAGE<\/span><\/strong><\/td>\n<\/tr>\n<tr valign=\"top\">\n<td>Possibilit\u00e9 de proposer un moyen de transport (par exemple covoiturage ou autre)<\/td>\n<td>Oui<\/td>\n<\/tr>\n<tr valign=\"top\">\n<td>Existe-t-il des facilit\u00e9s d&rsquo;h\u00e9bergement ?<\/td>\n<td>Oui<\/td>\n<\/tr>\n<tr valign=\"top\">\n<td>Lundi<\/td>\n<td>8h15-12h15 14h-19h15<\/td>\n<\/tr>\n<tr valign=\"top\">\n<td>Mardi<\/td>\n<td>idem<\/td>\n<\/tr>\n<tr valign=\"top\">\n<td>Mercredi<\/td>\n<td>idem<\/td>\n<\/tr>\n<tr valign=\"top\">\n<td>Jeudi<\/td>\n<td>idem<\/td>\n<\/tr>\n<tr valign=\"top\">\n<td>Vendredi<\/td>\n<td>idem<\/td>\n<\/tr>\n<tr valign=\"top\">\n<td>Samedi<\/td>\n<td>8h15-12h15 14h-17h<\/td>\n<\/tr>\n<tr valign=\"top\">\n<td>Seriez-vous \u00e9ventuellement favorable \u00e0 un stage de pratique professionnel partag\u00e9 &#8211; (3mois\/3mois)- pour permettre \u00e0 un \u00e9tudiant de d\u00e9couvrir deux officines diff\u00e9rentes (par exemple ville\/rurale) ?<\/td>\n<td>Oui<\/td>\n<\/tr>\n<tr valign=\"top\">\n<td>Nombre de pharmaciens adjoints (en ETP &#8211; \u00e9quivalent temps plein) :<\/td>\n<td>3<\/td>\n<\/tr>\n<tr valign=\"top\">\n<td>Nombre de pr\u00e9parateurs dipl\u00f4m\u00e9s en ETP (en ETP &#8211; \u00e9quivalent temps plein) :<\/td>\n<td>2<\/td>\n<\/tr>\n<tr valign=\"top\">\n<td>Y-a-t-il d&rsquo;autres membres du personnel :<\/td>\n<td>Oui<\/td>\n<\/tr>\n<tr valign=\"top\">\n<td>Si oui, nombre et fonctions :<\/td>\n<td>apprenti 1 rayonniste 1 secr\u00e9taire 1 femme de menage 1<\/td>\n<\/tr>\n<tr valign=\"top\">\n<td>Votre pharmacie a-t-elle accueilli des stagiaires dans les ann\u00e9es pr\u00e9c\u00e9dentes ?<\/td>\n<td>Oui<\/td>\n<\/tr>\n<tr valign=\"top\">\n<td>Si oui, pr\u00e9ciser le type de stage :<\/td>\n<td>Initiation<br \/>\nApplication<br \/>\nPratique professionnelle<\/td>\n<\/tr>\n<tr>\n<td class=\"td1\" colspan=\"2\" valign=\"top\">\n<hr \/>\n<p><strong><span style=\"color: #339933;\">D\u00c9L\u00c9GATION DE MISSION A UN PHARMACIEN ADJOINT MA\u00ceTRE DE STAGE<\/span><\/strong><\/td>\n<\/tr>\n<tr valign=\"top\">\n<td>Envisagez-vous ce type de d\u00e9l\u00e9gation ?<\/td>\n<td>Non<\/td>\n<\/tr>\n<tr>\n<td class=\"td1\" colspan=\"2\" valign=\"top\">\n<hr \/>\n<p class=\"p1\"><strong><span style=\"color: #339933;\">ACTIVIT\u00c9S DE L\u2019OFFICINE<\/span><\/strong><\/p>\n<\/td>\n<\/tr>\n<tr valign=\"top\">\n<td>Votre pharmacie est-elle engag\u00e9e dans une d\u00e9marche de management de la qualit\u00e9 ?<\/td>\n<td>Non<\/td>\n<\/tr>\n<tr valign=\"top\">\n<td>Etes-vous engag\u00e9 dans une d\u00e9marche de certification ISO 9001 ou similaire ?<\/td>\n<td>Non<\/td>\n<\/tr>\n<tr valign=\"top\">\n<td>\u2022 Entretiens pharmaceutiques<\/td>\n<td>Non<\/td>\n<\/tr>\n<tr valign=\"top\">\n<td>\u2022 Bilan partag\u00e9 de m\u00e9dication<\/td>\n<td>Non<\/td>\n<\/tr>\n<tr valign=\"top\">\n<td>\u2022 Education th\u00e9rapeutique du patient<\/td>\n<td>Non<\/td>\n<\/tr>\n<tr valign=\"top\">\n<td>\u2022 Autres missions<\/td>\n<td>Oui<\/td>\n<\/tr>\n<tr valign=\"top\">\n<td>\u2022 Participez-vous \u00e0 des r\u00e9seaux ?<\/td>\n<td>Non<\/td>\n<\/tr>\n<tr valign=\"top\">\n<td>\u2022 Avez-vous une activit\u00e9 au titre de l&rsquo;HAD ?<\/td>\n<td>Non<\/td>\n<\/tr>\n<tr valign=\"top\">\n<td>\u2022 Avez-vous une activit\u00e9 en relation avec un EHPAD ou une maison deretraite ?<\/td>\n<td>Non<\/td>\n<\/tr>\n<tr valign=\"top\">\n<td>Quelles sont les activit\u00e9s sp\u00e9cialis\u00e9es de votre officine ?<\/td>\n<td>Orthop\u00e9die<br \/>\nHom\u00e9opathie<br \/>\nDi\u00e9t\u00e9tique et nutrition<\/td>\n<\/tr>\n<tr>\n<td class=\"td1\" colspan=\"2\" valign=\"top\">\n<hr \/>\n<p class=\"p1\"><strong><span style=\"color: #339933;\">DOMAINES PARTICULIERS ET SPECIFIQUES DE COMPETENCES DU MA\u00ceTRE DE STAGE<\/span><\/strong><\/p>\n<\/td>\n<\/tr>\n<tr valign=\"top\">\n<td>Etes-vous titulaire d&rsquo;un (de) dipl\u00f4me(s) universitaire(s) ?<\/td>\n<td>Oui<\/td>\n<\/tr>\n<tr valign=\"top\">\n<td>\u2022 Si oui, lequel (lesquels) ?<\/td>\n<td>orthopedie<\/td>\n<\/tr>\n<tr valign=\"top\">\n<td>Etes-vous titulaire d&rsquo;une (de) formation(s) sp\u00e9cialis\u00e9e(s) ?<\/td>\n<td>Oui<\/td>\n<\/tr>\n<tr valign=\"top\">\n<td>\u2022 Si oui, laquelle (lesquelles) ?<\/td>\n<td>homeopathie-management<\/td>\n<\/tr>\n<tr valign=\"top\">\n<td>R\u00e9sumez en quelques lignes les points forts de votre parcours professionnel<\/td>\n<td>travail dans diff\u00e9rents types de pharmacie ville, village<\/td>\n<\/tr>\n<tr valign=\"top\">\n<td>Envisagez-vous d&rsquo;y associer un \u00e9tudiant stagiaire ?<\/td>\n<td>Oui<\/td>\n<\/tr>\n<tr valign=\"top\">\n<td>Organisez-vous d&rsquo;autres formations pour vous et votre \u00e9quipe ?<\/td>\n<td>Oui<\/td>\n<\/tr>\n<tr valign=\"top\">\n<td>Si oui, lesquelles?<\/td>\n<td>di\u00e8t\u00e9tique, homeopathie,<\/td>\n<\/tr>\n<tr>\n<td class=\"td1\" colspan=\"2\" valign=\"top\">\n<hr \/>\n<p><strong><span style=\"color: #339933;\">MOTIVATION DU MA\u00ceTRE DE STAGE \u2013 ATTENTES DU MA\u00ceTRE DE STAGE<\/span><\/strong><\/td>\n<\/tr>\n<tr valign=\"top\">\n<td>Merci de d\u00e9velopper en quelques arguments votre implication et les raisons qui vous ont conduit \u00e0 assumer votre responsabilit\u00e9 de ma\u00eetre de stage.<\/td>\n<td>j&rsquo;ai eu la chance d&rsquo;avoir de super maitre de stage qui m&rsquo;ont fait profiter de leur connaissances et je pense que c&rsquo;est important de perpetuer cela<\/td>\n<\/tr>\n<tr valign=\"top\">\n<td>Qu&rsquo;attendez-vous de votre \u00e9tudiant stagiaire ?<\/td>\n<td>int\u00e9r\u00eat, curiosit\u00e9 , prise d&rsquo;initiative et int\u00e9gration \u00e0 l&rsquo;\u00e9quipe<\/td>\n<\/tr>\n<\/tbody>\n<\/table>\n","protected":false},"excerpt":{"rendered":"<p>IDENTIFICATION DE L\u2019OFFICINE ET DU MA\u00ceTRE DE STAGE D\u00e9nomination commerciale de l&rsquo;officine Pharmacie du Wihrel Rue 1 rue de la chapelle Code postal 67540 Ville ostwald T\u00e9l\u00e9phone fixe 0388304284 T\u00e9l\u00e9phone mobile 0681910638 E-mail pharmacieduwihrel@gmail.com Nom, pr\u00e9nom du pharmacien ma\u00eetre de stage Woillard Muriel Date de fin d&rsquo;agr\u00e9ment 31-12-2027 TOPOGRAPHIE DE [&hellip;]<\/p>\n","protected":false},"author":1,"featured_media":0,"comment_status":"open","ping_status":"open","sticky":false,"template":"","format":"standard","meta":{"_monsterinsights_skip_tracking":false,"_monsterinsights_sitenote_active":false,"_monsterinsights_sitenote_note":"","_monsterinsights_sitenote_category":0,"footnotes":""},"categories":[62],"tags":[],"class_list":["post-5005","post","type-post","status-publish","format-standard","hentry","category-fiche-informative"],"aioseo_notices":[],"_links":{"self":[{"href":"https:\/\/cpcms.fr\/2022\/wp-json\/wp\/v2\/posts\/5005","targetHints":{"allow":["GET"]}}],"collection":[{"href":"https:\/\/cpcms.fr\/2022\/wp-json\/wp\/v2\/posts"}],"about":[{"href":"https:\/\/cpcms.fr\/2022\/wp-json\/wp\/v2\/types\/post"}],"author":[{"embeddable":true,"href":"https:\/\/cpcms.fr\/2022\/wp-json\/wp\/v2\/users\/1"}],"replies":[{"embeddable":true,"href":"https:\/\/cpcms.fr\/2022\/wp-json\/wp\/v2\/comments?post=5005"}],"version-history":[{"count":2,"href":"https:\/\/cpcms.fr\/2022\/wp-json\/wp\/v2\/posts\/5005\/revisions"}],"predecessor-version":[{"id":5007,"href":"https:\/\/cpcms.fr\/2022\/wp-json\/wp\/v2\/posts\/5005\/revisions\/5007"}],"wp:attachment":[{"href":"https:\/\/cpcms.fr\/2022\/wp-json\/wp\/v2\/media?parent=5005"}],"wp:term":[{"taxonomy":"category","embeddable":true,"href":"https:\/\/cpcms.fr\/2022\/wp-json\/wp\/v2\/categories?post=5005"},{"taxonomy":"post_tag","embeddable":true,"href":"https:\/\/cpcms.fr\/2022\/wp-json\/wp\/v2\/tags?post=5005"}],"curies":[{"name":"wp","href":"https:\/\/api.w.org\/{rel}","templated":true}]}}