{"id":7211,"date":"2025-03-18T17:24:37","date_gmt":"2025-03-18T16:24:37","guid":{"rendered":"https:\/\/cpcms.fr\/2022\/?p=7211"},"modified":"2025-03-18T17:25:41","modified_gmt":"2025-03-18T16:25:41","slug":"selarl-pharmacie-de-lery","status":"publish","type":"post","link":"https:\/\/cpcms.fr\/2022\/2025\/03\/18\/selarl-pharmacie-de-lery\/","title":{"rendered":"SELARL Pharmacie de L\u00e9ry"},"content":{"rendered":"<table cellpadding=\"3\" cellspacing=\"0\">\n<tbody>\n<tr valign=\"top\"><\/tr>\n<tr>\n<td class=\"td1\" colspan=\"2\" valign=\"top\">\n<p class=\"p1\"><strong><span style=\"color: #339933;\">IDENTIFICATION DE L\u2019OFFICINE ET DU MA\u00ceTRE DE STAGE<\/span><\/strong><\/p>\n<\/td>\n<\/tr>\n<tr valign=\"top\">\n<td width=\"368\">D\u00e9nomination commerciale de l&rsquo;officine<\/td>\n<td>SELARL Pharmacie de L\u00e9ry<\/td>\n<\/tr>\n<tr valign=\"top\">\n<td>Adresse<\/td>\n<td>45 B rue du 11 novembre<\/td>\n<\/tr>\n<tr valign=\"top\">\n<td>Code Postal<\/td>\n<td>27690<\/td>\n<\/tr>\n<tr valign=\"top\">\n<td>Ville<\/td>\n<td>L\u00e9ry<\/td>\n<\/tr>\n<tr valign=\"top\">\n<td>D\u00e9partement<\/td>\n<td>27 &#8211; Eure<\/td>\n<\/tr>\n<tr valign=\"top\">\n<td>T\u00e9l\u00e9phone fixe<\/td>\n<td>0232590460<\/td>\n<\/tr>\n<tr valign=\"top\">\n<td>T\u00e9l\u00e9phone mobile<\/td>\n<td>0232590460<\/td>\n<\/tr>\n<tr valign=\"top\">\n<td>Email<\/td>\n<td>pharmaciedelery@gmail.com<\/td>\n<\/tr>\n<tr valign=\"top\">\n<td>Nom, pr\u00e9nom du pharmacien ma\u00eetre de stage<\/td>\n<td>Ribel-Obert S\u00e9verine<\/td>\n<\/tr>\n<tr valign=\"top\">\n<td>Date de fin de l&rsquo;agr\u00e9ment<\/td>\n<td>31\/12\/2029<\/td>\n<\/tr>\n<tr valign=\"top\">\n<td>Votre officine est-elle une pharmacie :<\/td>\n<td>en milieu rural<\/td>\n<\/tr>\n<tr>\n<td class=\"td1\" colspan=\"2\" valign=\"top\">\n<hr \/>\n<p><strong><span style=\"color: #339933;\">ASPECTS LOGISTIQUES DU STAGE<\/span><\/strong><\/td>\n<\/tr>\n<tr>\n<td>Distance entre la pharmacie et le point de desserte de transport en commun le plus proche (station de bus, m\u00e9tro\/RER, tramway, gare SNCF)<\/td>\n<td>20 m\u00e8tres<\/td>\n<\/tr>\n<tr valign=\"top\">\n<td>Possibilit\u00e9 de proposer un moyen de transport (par exemple covoiturage ou autre)<\/td>\n<td>Non<\/td>\n<\/tr>\n<tr valign=\"top\">\n<td>Existe-t-il des facilit\u00e9s d&rsquo;h\u00e9bergement ?<\/td>\n<td>Oui<\/td>\n<\/tr>\n<tr valign=\"top\">\n<td>Lundi<\/td>\n<td>9h 12h30 et 14h 19h30<\/td>\n<\/tr>\n<tr valign=\"top\">\n<td>Mardi<\/td>\n<td>9h 12h30 et 14h 19h30<\/td>\n<\/tr>\n<tr valign=\"top\">\n<td>Mercredi<\/td>\n<td>9h 12h30 et 14h 19h30<\/td>\n<\/tr>\n<tr valign=\"top\">\n<td>Jeudi<\/td>\n<td>9h 12h30 et 14h 19h30<\/td>\n<\/tr>\n<tr valign=\"top\">\n<td>Vendredi<\/td>\n<td>9h 12h30 et 14h 19h30<\/td>\n<\/tr>\n<tr valign=\"top\">\n<td>Samedi<\/td>\n<td>9h 18h<\/td>\n<\/tr>\n<tr valign=\"top\">\n<td>Seriez-vous le cas \u00e9ch\u00e9ant favorable \u00e0 un stage de pratique professionnel partag\u00e9 pour permettre \u00e0 un \u00e9tudiant de d\u00e9couvrir deux officines diff\u00e9rentes (par exemple ville\/rurale)<\/td>\n<td>oui<\/td>\n<\/tr>\n<tr>\n<td class=\"td1\" colspan=\"2\" valign=\"top\">\n<hr \/>\n<p><strong><span style=\"color: #339933;\">\u00c9QUIPE OFFICINALE &amp; ORGANISATION DES COMPETENCES<\/span><\/strong><\/td>\n<\/tr>\n<tr valign=\"top\">\n<td>Nombre total de pharmaciens co-titulaires :<\/td>\n<td>1<\/td>\n<\/tr>\n<tr valign=\"top\">\n<td>Nombre de pharmaciens adjoints (en ETP &#8211; \u00e9quivalent temps plein) :<\/td>\n<td>1<\/td>\n<\/tr>\n<tr valign=\"top\">\n<td>Nombre de pr\u00e9parateurs dipl\u00f4m\u00e9s en ETP (ETP &#8211; \u00e9quivalent temps plein) :<\/td>\n<td>1<\/td>\n<\/tr>\n<tr valign=\"top\">\n<td>Y-a-t-il d&rsquo;autres membres du personnel :<\/td>\n<td>Oui<\/td>\n<\/tr>\n<tr valign=\"top\">\n<td>Si oui, nombre et fonctions :<\/td>\n<td>1 pr\u00e9paratrice \u00e0 mi-temps et 1 apprentie en DEUST<\/td>\n<\/tr>\n<tr valign=\"top\">\n<td>Avez-vous accueilli des stagiaires dans les cinq ann\u00e9es pr\u00e9c\u00e9dentes ?<\/td>\n<td>non<\/td>\n<\/tr>\n<tr>\n<td class=\"td1\" colspan=\"2\" valign=\"top\">\n<hr \/>\n<p><strong><span style=\"color: #339933;\">D\u00c9L\u00c9GATION DE MISSION A UN PHARMACIEN ADJOINT MA\u00ceTRE DE STAGE<\/span><\/strong><\/td>\n<\/tr>\n<tr valign=\"top\">\n<td>Envisagez-vous ce type de d\u00e9l\u00e9gation ?<\/td>\n<td>non<\/td>\n<\/tr>\n<tr>\n<td class=\"td1\" colspan=\"2\" valign=\"top\">\n<hr \/>\n<p class=\"p1\"><strong><span style=\"color: #339933;\">ACTIVIT\u00c9S DE L\u2019OFFICINE<\/span><\/strong><\/p>\n<\/td>\n<\/tr>\n<tr valign=\"top\">\n<td>Votre pharmacie est-elle engag\u00e9e dans une d\u00e9marche de la qualit\u00e9 ?<\/td>\n<td>oui<\/td>\n<\/tr>\n<tr valign=\"top\">\n<td>Si oui, avec quel support (DQO, QMS Pharma, autre &#8211; pr\u00e9cisez)<\/td>\n<td>QMS pharma<\/td>\n<\/tr>\n<tr valign=\"top\">\n<td>Parmi toutes les nouvelles missions* (loi HPST, Convention&#8230;) quelles sont celles que vous avez ou allez mettre en place dans votre exercice officinal\u00a0?<\/td>\n<td>Quasi toutes ont \u00e9t\u00e9 mises en place, TAG, TROD angine et cystite, vaccination, entretiens pharmaceutiques,<\/td>\n<\/tr>\n<tr valign=\"top\">\n<td>\u2022 Participez-vous \u00e0 une structure de coordination des soins dans un cadre d&rsquo;inter-professionnalit\u00e9\u00a0(CPTS, SISA, autres) ?<\/td>\n<td>Co g\u00e9rante SISA et au conseil d&rsquo;administration d&rsquo;une CPTS<\/td>\n<\/tr>\n<tr valign=\"top\">\n<td>\u2022 Participez-vous\u00a0\u00e0 d&rsquo;autres r\u00e9seaux, d&rsquo;autres organisations (Conseil de l&rsquo;Ordre, URPS, syndicats professionnels&#8230;), ou associations.<\/td>\n<td>non<\/td>\n<\/tr>\n<tr valign=\"top\">\n<td>Avez-vous des activit\u00e9s d&rsquo;enseignement\/formation (\u00e9tudiants en pharmacie, apprentis, DEUST pr\u00e9parateur) ?<\/td>\n<td>oui<\/td>\n<\/tr>\n<tr valign=\"top\">\n<td>\u2022 Si oui, lesquels\u00a0?<\/td>\n<td>1 apprentie en DEUST<\/td>\n<\/tr>\n<tr valign=\"top\">\n<td>\u2022 Avez-vous une activit\u00e9 au titre de l&rsquo;HAD ?<\/td>\n<td>non<\/td>\n<\/tr>\n<tr valign=\"top\">\n<td>\u2022 Avez-vous une activit\u00e9 en relation avec un EHPAD ou une maison de retraite ?<\/td>\n<td>non<\/td>\n<\/tr>\n<tr valign=\"top\">\n<td>Quelles sont les activit\u00e9s sp\u00e9cialis\u00e9es de votre officine ?<\/td>\n<td>Orthop\u00e9die<\/p>\n<p>Maintien \u00e0 domicile<\/td>\n<\/tr>\n<tr valign=\"top\">\n<td>Etes-vous titulaire d&rsquo;un DU, DIU&#8230;<\/td>\n<td>Non<\/td>\n<\/tr>\n<tr valign=\"top\">\n<td>Avez-vous suivi une ou plusieurs formations sp\u00e9cifiques non dipl\u00f4mantes?<\/td>\n<td>Non<\/td>\n<\/tr>\n<tr valign=\"top\">\n<td>Y-a-t-il des domaines d&rsquo;int\u00e9r\u00eats particuliers ou de comp\u00e9tences sp\u00e9cifiques que vous avez d\u00e9velopp\u00e9s dans le cadre de l&rsquo;exercice de votre activit\u00e9 officinale :<\/td>\n<td>la vaccination et la prescription des vaccins<\/td>\n<\/tr>\n<tr valign=\"top\">\n<td>Pouvez-vous expliciter bri\u00e8vement, les axes de formation que vous avez retenus comme strat\u00e9giques pour vous et pour votre \u00e9quipe et ceux que vous projetez pour l&rsquo;avenir ?<\/td>\n<td>les axes de formation \u00e9taient en relation avec l&rsquo;\u00e9volution de notre m\u00e9tier tels que les tests antig\u00e9niques, la vaccination, les TROD angines et cystites et la prescription d&rsquo;antibiotiques,&#8230;<\/td>\n<\/tr>\n<tr valign=\"top\">\n<td>Les raisons qui vous ont conduit \u00e0 vous impliquer comme ma\u00eetre de stage\u00a0:<\/td>\n<td>Former nos futurs pharmaciens, leur donner envie de venir travailler en officine&#8230;<\/td>\n<\/tr>\n<tr valign=\"top\">\n<td>Vos attentes pour l&rsquo;implication de votre \u00e9tudiant stagiaire\u00a0:<\/td>\n<td>motivation, id\u00e9es,<\/td>\n<\/tr>\n<tr valign=\"top\">\n<td>En conclusion, r\u00e9sumez en quelques lignes les points forts de votre parcours professionnel\u00a0:<\/td>\n<td>J&rsquo;aime mon m\u00e9tier et encore plus les nouvelles missions qui nous sont confi\u00e9es comme la vaccination, sujet tr\u00e8s passionnant, et o\u00f9 nous avons un r\u00f4le tr\u00e8s important. Je fais partie d&rsquo;une CPTS, et apr\u00e8s avoir mis le protocole cystite en place en 2023, nous nous<br \/>\nattaquons maintenant \u00e0 l&rsquo;insuffisance cardiaque pour mieux accompagner nos patients. Je travaille en pluripro avec les m\u00e9decins, infirmiers, kin\u00e9s&#8230; Cela peut-\u00eatre un atout pour notre pharmacie.<\/td>\n<\/tr>\n<\/tbody>\n<\/table>\n","protected":false},"excerpt":{"rendered":"<p>IDENTIFICATION DE L\u2019OFFICINE ET DU MA\u00ceTRE DE STAGE D\u00e9nomination commerciale de l&rsquo;officine SELARL Pharmacie de L\u00e9ry Adresse 45 B rue du 11 novembre Code Postal 27690 Ville L\u00e9ry D\u00e9partement 27 &#8211; Eure T\u00e9l\u00e9phone fixe 0232590460 T\u00e9l\u00e9phone mobile 0232590460 Email pharmaciedelery@gmail.com Nom, pr\u00e9nom du pharmacien ma\u00eetre de stage Ribel-Obert S\u00e9verine Date [&hellip;]<\/p>\n","protected":false},"author":1,"featured_media":0,"comment_status":"open","ping_status":"open","sticky":false,"template":"","format":"standard","meta":{"_monsterinsights_skip_tracking":false,"_monsterinsights_sitenote_active":false,"_monsterinsights_sitenote_note":"","_monsterinsights_sitenote_category":0,"footnotes":""},"categories":[62],"tags":[],"class_list":["post-7211","post","type-post","status-publish","format-standard","hentry","category-fiche-informative"],"aioseo_notices":[],"_links":{"self":[{"href":"https:\/\/cpcms.fr\/2022\/wp-json\/wp\/v2\/posts\/7211","targetHints":{"allow":["GET"]}}],"collection":[{"href":"https:\/\/cpcms.fr\/2022\/wp-json\/wp\/v2\/posts"}],"about":[{"href":"https:\/\/cpcms.fr\/2022\/wp-json\/wp\/v2\/types\/post"}],"author":[{"embeddable":true,"href":"https:\/\/cpcms.fr\/2022\/wp-json\/wp\/v2\/users\/1"}],"replies":[{"embeddable":true,"href":"https:\/\/cpcms.fr\/2022\/wp-json\/wp\/v2\/comments?post=7211"}],"version-history":[{"count":2,"href":"https:\/\/cpcms.fr\/2022\/wp-json\/wp\/v2\/posts\/7211\/revisions"}],"predecessor-version":[{"id":7213,"href":"https:\/\/cpcms.fr\/2022\/wp-json\/wp\/v2\/posts\/7211\/revisions\/7213"}],"wp:attachment":[{"href":"https:\/\/cpcms.fr\/2022\/wp-json\/wp\/v2\/media?parent=7211"}],"wp:term":[{"taxonomy":"category","embeddable":true,"href":"https:\/\/cpcms.fr\/2022\/wp-json\/wp\/v2\/categories?post=7211"},{"taxonomy":"post_tag","embeddable":true,"href":"https:\/\/cpcms.fr\/2022\/wp-json\/wp\/v2\/tags?post=7211"}],"curies":[{"name":"wp","href":"https:\/\/api.w.org\/{rel}","templated":true}]}}